{"id":10186,"date":"2022-09-05T00:48:17","date_gmt":"2022-09-05T00:48:17","guid":{"rendered":"https:\/\/www.ecoconscience.tv\/?p=10186"},"modified":"2022-10-23T06:47:08","modified_gmt":"2022-10-23T06:47:08","slug":"les-femmes-de-djekotoe-peuvent-desormais-transformer-le-manioc-en-gari-grace-a-lenergie-solaire","status":"publish","type":"post","link":"https:\/\/www.ecoconscience.tv\/les-femmes-de-djekotoe-peuvent-desormais-transformer-le-manioc-en-gari-grace-a-lenergie-solaire\/","title":{"rendered":"Les femmes de Dj\u00e9kotoe peuvent d\u00e9sormais transformer le manioc en \u00ab\u00a0gari\u00a0\u00bb gr\u00e2ce \u00e0 l\u2019\u00e9nergie solaire"},"content":{"rendered":"\n<p>Ce 2 septembre 2022, les femmes de coop\u00e9rative Dieu b\u00e9nit du village de Djekotoe situ\u00e9 dans la commune Vo1 dans la pr\u00e9fecture de Vo, ont recptionn\u00e9 une plateforme multifonctionnelle de transformation de manioc en gari \u00e0 base de l\u2019\u00e9nergie solaire \u00e0 travers une ceremonie de remise officielle.<br>Cette remise s&rsquo;inscrit dans le cadre du projet \u00ab\u00a0Moulin du Bonheur\/Djidjo Mot\u00e9\u00a0\u00bb dans la suite du projet Djekotoe initi\u00e9 en 2019 par l&rsquo;ONG Organisation pour l&rsquo;environnement et le d\u00e9veloppement durable (OPED) et son partenaire l&rsquo;Association pour un monde solidaire bas\u00e9 en Allemagne.<br>Les d\u00e9tails dans ce compte rendu.<\/p>\n","protected":false},"excerpt":{"rendered":"<p>Ce 2 septembre 2022, les femmes de coop\u00e9rative Dieu b\u00e9nit du village de Djekotoe situ\u00e9 dans la commune Vo1 dans la pr\u00e9fecture de Vo, ont recptionn\u00e9 une plateforme multifonctionnelle de transformation de manioc en gari \u00e0 base de l\u2019\u00e9nergie solaire \u00e0 travers une ceremonie de remise officielle.Cette remise s&rsquo;inscrit dans le cadre du projet \u00ab\u00a0Moulin [&hellip;]<\/p>\n","protected":false},"author":2,"featured_media":10188,"comment_status":"open","ping_status":"open","sticky":false,"template":"","format":"standard","meta":{"ec_post_video":"https:\/\/www.youtube.com\/watch?v=mSEggY4XH_0"},"categories":[2085,2],"tags":[],"odd":[],"_links":{"self":[{"href":"https:\/\/www.ecoconscience.tv\/api\/wp\/v2\/posts\/10186"}],"collection":[{"href":"https:\/\/www.ecoconscience.tv\/api\/wp\/v2\/posts"}],"about":[{"href":"https:\/\/www.ecoconscience.tv\/api\/wp\/v2\/types\/post"}],"author":[{"embeddable":true,"href":"https:\/\/www.ecoconscience.tv\/api\/wp\/v2\/users\/2"}],"replies":[{"embeddable":true,"href":"https:\/\/www.ecoconscience.tv\/api\/wp\/v2\/comments?post=10186"}],"version-history":[{"count":2,"href":"https:\/\/www.ecoconscience.tv\/api\/wp\/v2\/posts\/10186\/revisions"}],"predecessor-version":[{"id":10190,"href":"https:\/\/www.ecoconscience.tv\/api\/wp\/v2\/posts\/10186\/revisions\/10190"}],"wp:featuredmedia":[{"embeddable":true,"href":"https:\/\/www.ecoconscience.tv\/api\/wp\/v2\/media\/10188"}],"wp:attachment":[{"href":"https:\/\/www.ecoconscience.tv\/api\/wp\/v2\/media?parent=10186"}],"wp:term":[{"taxonomy":"category","embeddable":true,"href":"https:\/\/www.ecoconscience.tv\/api\/wp\/v2\/categories?post=10186"},{"taxonomy":"post_tag","embeddable":true,"href":"https:\/\/www.ecoconscience.tv\/api\/wp\/v2\/tags?post=10186"},{"taxonomy":"odd","embeddable":true,"href":"https:\/\/www.ecoconscience.tv\/api\/wp\/v2\/odd?post=10186"}],"curies":[{"name":"wp","href":"https:\/\/api.w.org\/{rel}","templated":true}]}}