{"id":1017,"date":"2016-11-17T00:48:23","date_gmt":"2016-11-17T00:48:23","guid":{"rendered":"https:\/\/www.ecoconscience.tv\/?p=1017"},"modified":"2016-11-21T00:57:49","modified_gmt":"2016-11-21T00:57:49","slug":"concertation-ministerielle-le-point-sur-letat-davancement-des-negociations","status":"publish","type":"post","link":"https:\/\/www.ecoconscience.tv\/concertation-ministerielle-le-point-sur-letat-davancement-des-negociations\/","title":{"rendered":"Concertation minist\u00e9rielle : Le point sur l\u2019\u00e9tat d\u2019avancement des n\u00e9gociations"},"content":{"rendered":"<p style=\"text-align: justify;\">C\u2019est tenu ce 16 novembre, la concertation minist\u00e9rielle francophone, organis\u00e9e par Madagascar (Pr\u00e9sident du XVI\u00e8me Sommet de la Francophonie) et le Maroc (pays h\u00f4te de la CdP22), en collaboration avec l\u2019Institut de la Francophonie pour le d\u00e9veloppement durable (IFDD), organe subsidiaire de l\u2019Organisation Internationale de la Francophonie (OIF).<\/p>\n<p style=\"text-align: justify;\">Cette rencontre de haut niveau a regroup\u00e9 tous les ministres francophones et les chefs de d\u00e9l\u00e9gation des pays francophones. Ils ont abord\u00e9 l\u2019\u00e9tat d\u2019avancement des n\u00e9gociations, les enjeux de la COP22 et particuli\u00e8rement la finance climat pour faciliter la mise en \u0153uvre de l\u2019Accord de Paris.<\/p>\n<p style=\"text-align: justify;\">Lors de cette concertation, plusieurs points ont \u00e9t\u00e9 soulev\u00e9s sur l\u2019\u00e9tat d\u2019avancement des n\u00e9gociations et la position de l\u2019Afrique.<\/p>\n<p style=\"text-align: justify;\">Tout dans cet reportage de votre Chaine <span style=\"color: #008000;\"><strong>ECO CONSCIENCE TV<\/strong><\/span>.<\/p>\n","protected":false},"excerpt":{"rendered":"<p>C\u2019est tenu ce 16 novembre, la concertation minist\u00e9rielle francophone, organis\u00e9e par Madagascar (Pr\u00e9sident du XVI\u00e8me Sommet de la Francophonie) et le Maroc (pays h\u00f4te de la CdP22), en collaboration avec l\u2019Institut de la Francophonie pour le d\u00e9veloppement durable (IFDD), organe subsidiaire de l\u2019Organisation Internationale de la Francophonie (OIF). Cette rencontre de haut niveau a regroup\u00e9 [&hellip;]<\/p>\n","protected":false},"author":2,"featured_media":1018,"comment_status":"open","ping_status":"open","sticky":false,"template":"","format":"video","meta":{"ec_post_video":""},"categories":[372,2],"tags":[317,315,327,11,9,302,13,300,310],"odd":[],"_links":{"self":[{"href":"https:\/\/www.ecoconscience.tv\/api\/wp\/v2\/posts\/1017"}],"collection":[{"href":"https:\/\/www.ecoconscience.tv\/api\/wp\/v2\/posts"}],"about":[{"href":"https:\/\/www.ecoconscience.tv\/api\/wp\/v2\/types\/post"}],"author":[{"embeddable":true,"href":"https:\/\/www.ecoconscience.tv\/api\/wp\/v2\/users\/2"}],"replies":[{"embeddable":true,"href":"https:\/\/www.ecoconscience.tv\/api\/wp\/v2\/comments?post=1017"}],"version-history":[{"count":2,"href":"https:\/\/www.ecoconscience.tv\/api\/wp\/v2\/posts\/1017\/revisions"}],"predecessor-version":[{"id":1022,"href":"https:\/\/www.ecoconscience.tv\/api\/wp\/v2\/posts\/1017\/revisions\/1022"}],"wp:featuredmedia":[{"embeddable":true,"href":"https:\/\/www.ecoconscience.tv\/api\/wp\/v2\/media\/1018"}],"wp:attachment":[{"href":"https:\/\/www.ecoconscience.tv\/api\/wp\/v2\/media?parent=1017"}],"wp:term":[{"taxonomy":"category","embeddable":true,"href":"https:\/\/www.ecoconscience.tv\/api\/wp\/v2\/categories?post=1017"},{"taxonomy":"post_tag","embeddable":true,"href":"https:\/\/www.ecoconscience.tv\/api\/wp\/v2\/tags?post=1017"},{"taxonomy":"odd","embeddable":true,"href":"https:\/\/www.ecoconscience.tv\/api\/wp\/v2\/odd?post=1017"}],"curies":[{"name":"wp","href":"https:\/\/api.w.org\/{rel}","templated":true}]}}