{"id":1013,"date":"2016-11-17T14:25:06","date_gmt":"2016-11-17T14:25:06","guid":{"rendered":"https:\/\/www.ecoconscience.tv\/?p=1013"},"modified":"2016-11-19T22:35:12","modified_gmt":"2016-11-19T22:35:12","slug":"appel-de-marrakech-pour-laction-en-faveur-du-climat-et-le-developpement-durable","status":"publish","type":"post","link":"https:\/\/www.ecoconscience.tv\/appel-de-marrakech-pour-laction-en-faveur-du-climat-et-le-developpement-durable\/","title":{"rendered":"Appel de Marrakech pour l\u2019Action en faveur du climat et le D\u00e9veloppement Durable"},"content":{"rendered":"<p style=\"text-align: justify;\"><span style=\"color: #808080;\">D\u00e9couvrez le texte de la Proclamation de Marrakech pour l\u2019Action en faveur de notre climat et le D\u00e9veloppement Durable, lu par le Pr\u00e9sident de la COP22, M. Aziz Mekouar :<\/span><\/p>\n<p style=\"text-align: justify;\"><span style=\"color: #008000;\"><strong>MARRAKECH<\/strong>\u00a0<strong>ACTION<\/strong>\u00a0<strong>PROCLAMATION<\/strong>\u00a0<\/span><\/p>\n<p style=\"text-align: justify;\"><span style=\"color: #008000;\"><strong> FOR<\/strong>\u00a0<strong>OUR<\/strong>\u00a0<strong>CLIMATE<\/strong>\u00a0<strong>AND<\/strong>\u00a0<strong>SUSTAINABLE<\/strong>\u00a0<strong>DEVELOPMENT<\/strong><\/span><\/p>\n<p style=\"text-align: justify;\"><span style=\"color: #008000;\"><strong>La Proclamation de Marrakech pour l\u2019Action en faveur<br \/>\nde notre climat et le D\u00e9veloppement Durable<\/strong><\/span><\/p>\n<p style=\"text-align: justify;\">Nous, Chefs d\u2019\u00c9tats, de Gouvernements, et D\u00e9l\u00e9gations, rassembl\u00e9s \u00e0 Marrakech, en sol Africain, pour la Vingt-deuxi\u00e8me session de la Conf\u00e9rence des Parties, la douzi\u00e8me session de la Conf\u00e9rence des Parties agissant comme r\u00e9union des Parties au Protocole de Kyoto et la Premi\u00e8re session de la Conf\u00e9rence des Parties agissant comme r\u00e9union des Parties \u00e0 l\u2019Accord de Paris, \u00e0 la gracieuse invitation de Sa Majest\u00e9 le Roi du Maroc, Mohammed VI, pronon\u00e7ons cette proclamation afin de signaler un changement vers une nouvelle \u00e8re de mise en \u0153uvre et d\u2019action en faveur du climat et du d\u00e9veloppement durable.<\/p>\n<p style=\"text-align: justify;\">Notre climat se r\u00e9chauffe \u00e0 un rythme alarmant et sans pr\u00e9c\u00e9dent et nous avons le devoir urgent de r\u00e9pondre.<\/p>\n<p style=\"text-align: justify;\">Nous nous r\u00e9jouissons de l\u2019entr\u00e9e en vigueur rapide de l\u2019Accord de Paris, adopt\u00e9 en vertu de la Convention-cadre des Nations Unies sur les changements climatiques, ainsi que de ses objectifs ambitieux, sa nature inclusive, et sa conformit\u00e9 a\u0300 l\u2019\u00e9quit\u00e9 et au principe des responsabilit\u00e9s communes mais diff\u00e9renci\u00e9es et des capacit\u00e9s respectives, eu \u00e9gard aux diff\u00e9rentes situations nationales, et nous affirmons notre engagement pour sa mise en \u0153uvre compl\u00e8te.<\/p>\n<p style=\"text-align: justify;\">En effet, cette ann\u00e9e, nous avons assist\u00e9, \u00e0 un \u00e9lan extraordinaire en mati\u00e8re de lutte contre les changements climatiques, partout dans le monde, ainsi que dans de nombreux fora multilat\u00e9raux. Cet \u00e9lan est irr\u00e9versible \u2013 il est guid\u00e9 non seulement par les gouvernements, mais \u00e9galement par la science, par le monde des entreprises ainsi que par une action mondiale de tous types et \u00e0 tous niveaux.<\/p>\n<p style=\"text-align: justify;\">Notre t\u00e2che aujourd\u2019hui est de perp\u00e9tuer cet \u00e9lan, ensemble, allant de l\u2019avant d\u00e9lib\u00e9r\u00e9ment pour r\u00e9duire les \u00e9missions de gaz \u00e0 effet de serre et pour encourager les efforts en mati\u00e8re d\u2019adaptation, favorisant et appuyant ainsi l\u2019Agenda pour le D\u00e9veloppement Durable de 2030 et ses Objectifs de D\u00e9veloppement Durable.<\/p>\n<p style=\"text-align: justify;\">Nous appelons \u00e0 un engagement politique des plus fermes afin de lutter contre les changements climatiques, c\u2019est une priorit\u00e9 urgente.<\/p>\n<p style=\"text-align: justify;\">Nous appelons \u00e0 une solidarit\u00e9 forte avec les pays les plus vuln\u00e9rables aux impacts des changements climatiques et nous tenons \u00e0 souligner la n\u00e9cessit\u00e9 d\u2019appuyer les efforts visant \u00e0 am\u00e9liorer leur capacit\u00e9 d\u2019adaptation, \u00e0 renforcer leur r\u00e9silience et \u00e0 r\u00e9duire leur vuln\u00e9rabilit\u00e9.<\/p>\n<p style=\"text-align: justify;\">Nous appelons toutes les Parties \u00e0 renforcer et \u00e0 soutenir les efforts pour \u00e9radiquer la pauvret\u00e9, assurer la s\u00e9curit\u00e9 alimentaire et prendre des mesures rigoureuses pour faire face aux d\u00e9fis des changements climatiques dans le domaine de l\u2019agriculture.<\/p>\n<p style=\"text-align: justify;\">Nous appelons \u00e0 rehausser d\u2019urgence nos ambitions et \u00e0 renforcer notre coop\u00e9ration afin de combler l\u2019\u00e9cart entre les trajectoires d\u2019\u00e9missions actuelles et celles requises pour atteindre les objectifs \u00e0 long-terme de limitation de la temp\u00e9rature fix\u00e9s par l\u2019Accord de Paris.<\/p>\n<p style=\"text-align: justify;\">Nous appelons \u00e0 une augmentation des financements, des flux et de leur acc\u00e8s, conjointement avec une am\u00e9lioration de la capacit\u00e9 et de la technologie, y compris des pays d\u00e9velopp\u00e9s vers les pays en d\u00e9veloppement.<\/p>\n<p style=\"text-align: justify;\">Nous, les pays d\u00e9velopp\u00e9s Parties, r\u00e9affirmons notre objectif de mobiliser 100 milliards de dollars am\u00e9ricains.<\/p>\n<p style=\"text-align: justify;\">Nous, \u00e0 l\u2019unanimit\u00e9, appelons \u00e0 davantage d\u2019action climatique et d\u2019appui, bien avant 2020, en prenant en compte les besoins sp\u00e9cifiques et les circonstances particuli\u00e8res des pays en d\u00e9veloppement, des pays les moins avanc\u00e9s ainsi que ceux particuli\u00e8rement vuln\u00e9rables aux effets n\u00e9fastes des changements climatiques.<\/p>\n<p style=\"text-align: justify;\">Nous qui sommes Parties au Protocole de Kyoto encourageons la ratification de l\u2019Amendement de Doha.<\/p>\n<p style=\"text-align: justify;\">Nous, collectivement, appelons tous les acteurs non-\u00e9tatiques \u00e0 se joindre \u00e0 nous pour une action et une mobilisation imm\u00e9diate et ambitieuse, s\u2019appuyant sur leurs importantes r\u00e9alisations, notant les multiples initiatives et le Partenariat de Marrakech pour l\u2019Action Climatique Globale lui-m\u00eame, lanc\u00e9 \u00e0 Marrakech.<\/p>\n<p style=\"text-align: justify;\">La transition requise de nos \u00e9conomies pour atteindre les objectifs de l\u2019Accord de Paris fournit une opportunit\u00e9 positive et substantielle pour une prosp\u00e9rit\u00e9 accrue et un d\u00e9veloppement durable.<\/p>\n<p style=\"text-align: justify;\">La Conf\u00e9rence de Marrakech marque un point d\u2019inflexion important dans notre engagement pour rassembler la communaut\u00e9 internationale dans son ensemble afin de relever un des plus grands d\u00e9fis de notre temps.<\/p>\n<p style=\"text-align: justify;\">Dor\u00e9navant, alors que nous nous tournons vers la mise en \u0153uvre et l\u2019action, nous renouvelons notre d\u00e9termination de vouloir inspirer la solidarit\u00e9, l\u2019espoir et l\u2019opportunit\u00e9 pour les g\u00e9n\u00e9rations pr\u00e9sentes et futures.<\/p>\n<p style=\"text-align: justify;\"><em><strong>Source<\/strong><\/em>\u00a0: <a href=\"http:\/\/cop22.ma\/fr\">http:\/\/cop22.ma<\/a><\/p>\n","protected":false},"excerpt":{"rendered":"<p>D\u00e9couvrez le texte de la Proclamation de Marrakech pour l\u2019Action en faveur de notre climat et le D\u00e9veloppement Durable, lu par le Pr\u00e9sident de la COP22, M. Aziz Mekouar : MARRAKECH\u00a0ACTION\u00a0PROCLAMATION\u00a0 FOR\u00a0OUR\u00a0CLIMATE\u00a0AND\u00a0SUSTAINABLE\u00a0DEVELOPMENT La Proclamation de Marrakech pour l\u2019Action en faveur de notre climat et le D\u00e9veloppement Durable Nous, Chefs d\u2019\u00c9tats, de Gouvernements, et D\u00e9l\u00e9gations, rassembl\u00e9s [&hellip;]<\/p>\n","protected":false},"author":2,"featured_media":1014,"comment_status":"open","ping_status":"open","sticky":false,"template":"","format":"standard","meta":{"ec_post_video":""},"categories":[372],"tags":[11,302,13,300,310,119],"odd":[],"_links":{"self":[{"href":"https:\/\/www.ecoconscience.tv\/api\/wp\/v2\/posts\/1013"}],"collection":[{"href":"https:\/\/www.ecoconscience.tv\/api\/wp\/v2\/posts"}],"about":[{"href":"https:\/\/www.ecoconscience.tv\/api\/wp\/v2\/types\/post"}],"author":[{"embeddable":true,"href":"https:\/\/www.ecoconscience.tv\/api\/wp\/v2\/users\/2"}],"replies":[{"embeddable":true,"href":"https:\/\/www.ecoconscience.tv\/api\/wp\/v2\/comments?post=1013"}],"version-history":[{"count":1,"href":"https:\/\/www.ecoconscience.tv\/api\/wp\/v2\/posts\/1013\/revisions"}],"predecessor-version":[{"id":1015,"href":"https:\/\/www.ecoconscience.tv\/api\/wp\/v2\/posts\/1013\/revisions\/1015"}],"wp:featuredmedia":[{"embeddable":true,"href":"https:\/\/www.ecoconscience.tv\/api\/wp\/v2\/media\/1014"}],"wp:attachment":[{"href":"https:\/\/www.ecoconscience.tv\/api\/wp\/v2\/media?parent=1013"}],"wp:term":[{"taxonomy":"category","embeddable":true,"href":"https:\/\/www.ecoconscience.tv\/api\/wp\/v2\/categories?post=1013"},{"taxonomy":"post_tag","embeddable":true,"href":"https:\/\/www.ecoconscience.tv\/api\/wp\/v2\/tags?post=1013"},{"taxonomy":"odd","embeddable":true,"href":"https:\/\/www.ecoconscience.tv\/api\/wp\/v2\/odd?post=1013"}],"curies":[{"name":"wp","href":"https:\/\/api.w.org\/{rel}","templated":true}]}}