{"id":1009,"date":"2016-11-19T20:57:06","date_gmt":"2016-11-19T20:57:06","guid":{"rendered":"https:\/\/www.ecoconscience.tv\/?p=1009"},"modified":"2016-11-19T20:57:21","modified_gmt":"2016-11-19T20:57:21","slug":"essentiel-a-retenir-sur-les-15-jours-de-negociations-de-la-cop22","status":"publish","type":"post","link":"https:\/\/www.ecoconscience.tv\/essentiel-a-retenir-sur-les-15-jours-de-negociations-de-la-cop22\/","title":{"rendered":"Essentiel \u00e0 retenir sur les 15 jours de n\u00e9gociations de la COP22"},"content":{"rendered":"<p style=\"text-align: justify;\"><span style=\"color: #808080;\">Ouverte du 7 au 18 novembre 2016 \u00e0 Marrakech, la 22e conf\u00e9rence des parties de Convention-cadre des Nations Unies sur les changements climatiques (COP22) a r\u00e9uni pr\u00e8s de 20 000 personnes dont \u00a0environ 500 Chefs d&rsquo;Etats ou de gouvernements et ministres. Elle a \u00e9galement accueilli la premi\u00e8re r\u00e9union du principal organe de direction de l&rsquo;Accord de Paris, entr\u00e9e en vigueur le 4 novembre.\u00a0Le bilan et les perspectives de cette grande Conf\u00e9rence sur le climat ont r\u00e9pondu aux attentes, selon les organisateurs.<\/span><\/p>\n<p style=\"text-align: justify;\">\u00ab\u00a0Je tiens \u00e0 rendre hommage au Gouvernement marocain et au Pr\u00e9sident de la Conf\u00e9rence, M. Salaheddine Mezouar, pour leur succ\u00e8s remarquable. La COP22 a \u00e9t\u00e9 ce qu\u2019elle devait \u00eatre, une COP d\u2019action qui a acc\u00e9l\u00e9r\u00e9 les progr\u00e8s r\u00e9alis\u00e9s dans le cadre de l\u2019Accord de Paris au niveau de la finance, de nouvelles initiatives, de l\u2019ambition et de la solidarit\u00e9 entre les nations et les continents\u00a0\u00bb, a d\u00e9clar\u00e9 Mme\u00a0Patricia Espinosa, Secr\u00e9taire ex\u00e9cutive de la Convention-Cadre des Nations Unies sur les Changements Climatiques (CCNUCC).<\/p>\n<p style=\"text-align: justify;\">Pour\u00a0M. Salaheddine Mezouar, pr\u00e9sident de la COP22, le Royaume du Maroc est pleinement engag\u00e9 dans le succ\u00e8s de cette COP et remplira son r\u00f4le de pr\u00e9sidence \u00e9nergiquement.<\/p>\n<p style=\"text-align: justify;\">\u00abAux r\u00e9sultats de ces quinze jours, notre vision a \u00e9t\u00e9 consolid\u00e9e et\u00a0nous travaillons pour des progr\u00e8s concrets, et pour faire aboutir des actions r\u00e9volutionnaires jusqu\u2019\u00e0 la fin de 2017. Il sera n\u00e9cessaire de respecter l\u2019engagement des 100 milliards de dollars d\u2019ici \u00e0 2020. Face \u00e0 la magnitude de ce qui est requis pour faire face aux impacts du changement climatique, passer des millions aux milliards est indispensable. 2017 doit \u00eatre l\u2019ann\u00e9e des projets de grande envergure, de la mobilisation des financements, et de l\u2019acc\u00e8s aux services financiers qui seront n\u00e9cessaire \u00e0 l\u2019adaptation \u00bb, a-t-il faire savoir.<\/p>\n<p style=\"text-align: justify;\"><strong><span style=\"color: #008000;\">ECO CONSCIENCE TV<\/span><\/strong> vous propose les grands points du bilan de la COP22 :<\/p>\n<p style=\"text-align: justify;\"><span style=\"color: #008000;\"><strong>R\u00e9sultats principaux et initiatives<\/strong><\/span><\/p>\n<p style=\"text-align: justify;\"><span style=\"color: #008000;\"><em>Le r\u00e8glement<\/em><\/span><\/p>\n<p style=\"text-align: justify;\">L\u2019avanc\u00e9e sur la r\u00e9daction du r\u00e8glement (ou manuel d\u2019op\u00e9ration) de l\u2019Accord de Paris est un r\u00e9sultat essentiel de la conf\u00e9rence climatique de Marrakech.<\/p>\n<p style=\"text-align: justify;\">L\u2019accord appelle \u00e0 un renforcement important de la transparence de l\u2019action, y compris en ce qui concerne la mesure et la comptabilisation des r\u00e9ductions d\u2019\u00e9missions, la mise \u00e0 disposition de financements climatiques et le d\u00e9veloppement et le transfert de technologies.<\/p>\n<p style=\"text-align: justify;\">Il comprend \u00e9galement des travaux de conception de communication pour l\u2019adaptation, principal vecteur de l\u2019Accord de Paris pour partager les efforts individuels d\u2019adaptation et les besoins d\u2019appui.<\/p>\n<p style=\"text-align: justify;\">Les pays ont fait preuve de d\u00e9termination \u00e0 propos du r\u00e8glement, et ont fix\u00e9 la date anticip\u00e9e de 2018 pour son ach\u00e8vement. Les pays ont d\u00e9j\u00e0 \u00e9tabli la base de ce travail en \u00e9valuant les actions de chacun visant \u00e0 r\u00e9duire les \u00e9missions, entre pairs, gr\u00e2ce \u00e0 un processus transparent qui a d\u00e9but\u00e9 en 2014.<\/p>\n<p style=\"text-align: justify;\"><span style=\"color: #008000;\"><strong><a style=\"color: #008000;\" href=\"http:\/\/unfccc.int\/focus\/mitigation\/the_multilateral_assessment_process_under_the_iar\/items\/9456.php\"><em>\u00c9valuation multilat\u00e9rale<\/em><\/a><\/strong><\/span><\/p>\n<p style=\"text-align: justify;\">\u00c0 la COP22, sept pays en d\u00e9veloppement ont pr\u00e9sent\u00e9 des mises \u00e0 jour et se sont ouverts \u00e0 l\u2019examen par leurs pairs de la mani\u00e8re dont ils \u00e9voluent vers une \u00e9conomie bas carbone.<\/p>\n<p style=\"text-align: justify;\">Cette d\u00e9marche s\u2019inscrit dans la mise en place d\u2019un syst\u00e8me de suivi, de v\u00e9rification et de communication des mesures, et ouvre la voie \u00e0 une plus grande ambition dans le cadre de leurs plans d\u2019action climat, appel\u00e9s Contributions d\u00e9termin\u00e9es au niveau national (NDC, selon le sigle en anglais).<\/p>\n<p style=\"text-align: justify;\"><span style=\"color: #008000;\"><em>Initiative de renforcement des capacit\u00e9s pour la transparence<\/em><\/span><\/p>\n<p style=\"text-align: justify;\">Au cours de la COP22, le\u00a0<span style=\"color: #008000;\"><a style=\"color: #008000;\" href=\"http:\/\/unfccc.int\/files\/meetings\/marrakech_nov_2016\/application\/pdf\/gef_newfund_release_en.pdf\">Fonds pour l\u2019environnement mondial<\/a>\u00a0<\/span>(FEM), un organisme de financement multilat\u00e9ral, a annonc\u00e9 une initiative de renforcement des capacit\u00e9s pour la transparence soutenue par 11 pays d\u00e9velopp\u00e9s donateurs \u00e0 hauteur de 50 millions de dollars de financements.<\/p>\n<p style=\"text-align: justify;\"><span style=\"color: #008000;\"><em>Partenariat NDC<\/em><\/span><\/p>\n<p style=\"text-align: justify;\">La mise en \u0153uvre des plans d\u2019action climat a \u00e9galement \u00e9t\u00e9 stimul\u00e9e par le lancement du\u00a0<span style=\"color: #008000;\"><a style=\"color: #008000;\" href=\"http:\/\/newsroom.unfccc.int\/fr\/actualit%C3%A9s\/les-pays-sassocient-pour-les-plans-daction-climat-nationaux\/\">Partenariat NDC<\/a><\/span>, une coalition de pays en d\u00e9veloppement et d\u00e9velopp\u00e9s et d\u2019institutions internationales qui collaborent dans le but de s\u2019assurer que les pays re\u00e7oivent le soutien technique et financier dont ils ont besoin pour atteindre rapidement leurs objectifs en mati\u00e8re de climat et de d\u00e9veloppement durable.<\/p>\n<p style=\"text-align: justify;\"><span style=\"color: #008000;\"><strong>Progr\u00e8s accomplis par les gouvernements<\/strong><\/span><\/p>\n<p style=\"text-align: justify;\">Les gouvernements ont fait des progr\u00e8s dans des domaines cl\u00e9s de l\u2019action climatique, dont les financements en faveur du climat, l\u2019adaptation, le renforcement des capacit\u00e9s, la technologie et la r\u00e9activit\u00e9 aux questions de genre. Voici un aper\u00e7u:<\/p>\n<p style=\"text-align: justify;\"><span style=\"color: #008000;\"><em>Financements climatiques<\/em><\/span><\/p>\n<p style=\"text-align: justify;\">\u2013 Les pays ont promis plus de 81 millions de dollars au Fonds pour l\u2019adaptation, d\u00e9passant ainsi son objectif pour l\u2019ann\u00e9e.<\/p>\n<p style=\"text-align: justify;\">\u2013 Les pays se sont engag\u00e9s \u00e0 verser plus de\u00a0<span style=\"color: #008000;\"><a style=\"color: #008000;\" href=\"https:\/\/www.ctc-n.org\/news\/promesse-de-financement-hauteur-de-23-millions-pour-le-transfert-de-technologies-dans-les-pays\">23 millions de dollars<\/a>\u00a0<\/span>au Centre et R\u00e9seau des Technologies Climatiques (CTCN, selon le site en anglais), qui soutient les pays en d\u00e9veloppement en mati\u00e8re de d\u00e9veloppement et transfert des technologies climatiques. En tant qu\u2019entit\u00e9 de mise en \u0153uvre du M\u00e9canisme Technologique, le CTCN est une institution cl\u00e9 pour permettre aux pays de r\u00e9aliser leurs engagements en vertu de l\u2019Accord de Paris.<\/p>\n<p style=\"text-align: justify;\">\u2013 Le Fonds vert pour le climat (GCF, selon le sigle en anglais) a\u00a0<span style=\"color: #008000;\"><a style=\"color: #008000;\" href=\"http:\/\/www.greenclimate.fund\/-\/quick-take-gcf-approves-first-fast-track-national-adaptation-plan-grants-for-liberia-and-nepal?inheritRedirect=true&amp;redirect=%2Fnewsroom%2Fnews\">annonc\u00e9 l\u2019approbation<\/a><\/span>\u00a0des deux premi\u00e8res propositions de formulation de plans nationaux d\u2019adaptation, pour le Lib\u00e9ria hauteur de 2,2 millions de dollars et pour le N\u00e9pal \u00e0 hauteur de 2,9 millions de dollars. Il est attendu que 20 autres propositions de pays soient bient\u00f4t approuv\u00e9es, b\u00e9n\u00e9ficiant chacune d\u2019un maximum de 3 millions de dollars.<\/p>\n<p style=\"text-align: justify;\">\u2013 Globalement, le GCF est sur la voie de l\u2019approbation 2,5 milliards de dollars \u00e0 allouer aux projets.<\/p>\n<p style=\"text-align: justify;\"><span style=\"color: #008000;\"><em>Adaptation<\/em><\/span><\/p>\n<p style=\"text-align: justify;\">\u2013 L\u2019initiative\u00a0<span style=\"color: #008000;\"><a style=\"color: #008000;\" href=\"http:\/\/www.aaainitiative.org\/fr\">Adaptation de l\u2019Agriculture Africaine<\/a><\/span>, qui regroupe 27 pays participants, a montr\u00e9 comment l\u2019eau, le sol, la gestion des risques climatiques, le financement des petits agriculteurs et les Objectifs de d\u00e9veloppement durable (ODD) sont trait\u00e9s avec un objectif global d\u2019avancement de l\u2019adaptation.<\/p>\n<p style=\"text-align: justify;\"><span style=\"color: #008000;\"><em>Pertes et pr\u00e9judices<\/em><\/span><\/p>\n<p style=\"text-align: justify;\">\u2013 Un nouveau cadre quinquennal au sein du M\u00e9canisme international de Varsovie relatif aux pertes et pr\u00e9judices (WIM, selon le sigle en anglais) traitera des impacts qui ne sont pas pris en compte par l\u2019adaptation planifi\u00e9e, y compris le d\u00e9placement, les migrations et la mobilit\u00e9 humaine ainsi que la gestion globale des risques.<\/p>\n<p style=\"text-align: justify;\"><span style=\"color: #008000;\"><em>Renforcement des capacit\u00e9s<\/em><\/span><\/p>\n<p style=\"text-align: justify;\">\u2013 Une autre d\u2019action climatique acc\u00e9l\u00e9r\u00e9e s\u2019est manifest\u00e9e par la mise en \u0153uvre par les pays du\u00a0<span style=\"color: #008000;\"><strong>Comit\u00e9 de Paris sur le renforcement des capacit\u00e9s<\/strong><\/span>. Il contribuera \u00e0 renforcer les capacit\u00e9s en mati\u00e8re d\u2019action climatique dans les pays en d\u00e9veloppement. Les membres du comit\u00e9 ont \u00e9t\u00e9 \u00e9lus et les travaux seront entrepris en mai 2017.<\/p>\n<p style=\"text-align: justify;\"><span style=\"color: #008000;\"><em>Technologie<\/em><\/span><\/p>\n<p style=\"text-align: justify;\">Au cours de la COP22, les gouvernements ont appris qu\u2019en 2016, plus de 30 projets de r\u00e9duction des \u00e9missions avec des objectifs de transfert de technologie ont \u00e9t\u00e9 approuv\u00e9s par le FEM, b\u00e9n\u00e9ficiant de 188,7 millions de dollars en financement du FEM et 5,9 milliards de dollars de cofinancement.<\/p>\n<p style=\"text-align: justify;\"><span style=\"color: #008000;\"><em>Questions du genre<\/em><\/span><\/p>\n<p style=\"text-align: justify;\">Quinze ans apr\u00e8s la premi\u00e8re d\u00e9cision sur la question des femmes et du genre dans le cadre de la CCNUCC \u00e0 la COP7 Marrakech, les gouvernements ont franchi une nouvelle \u00e9tape importante vers la r\u00e9alisation de leurs objectifs en mati\u00e8re d\u2019\u00e9galit\u00e9 des sexes et de politique climatique sensible au genre en acceptant un programme de travail \u00e9largi qui comprend, entre autres, la soci\u00e9t\u00e9 civile et les entreprises.<\/p>\n<p style=\"text-align: justify;\"><span style=\"color: #008000;\"><strong>Autres initiatives lanc\u00e9es<\/strong><\/span><\/p>\n<p style=\"text-align: justify;\">\u2013 Le Programme des Nations Unies pour l\u2019Environnement (PNUE) a lanc\u00e9<span style=\"color: #008000;\">\u00a0<a style=\"color: #008000;\" href=\"http:\/\/www.unep.org\/newscentre\/Default.aspx?DocumentID=27088&amp;ArticleID=36308&amp;l=fr\">l<strong>\u2019Initiative mondiale pour les tourbi\u00e8res<\/strong><\/a><\/span>\u00a0qui vise \u00e0 r\u00e9duire les \u00e9missions de gaz \u00e0 effet de serre mondiales et sauver des milliers de vies en prot\u00e9geant les tourbi\u00e8res, le r\u00e9servoir de carbone de mati\u00e8re organique le plus important au monde.<\/p>\n<p style=\"text-align: justify;\">L\u2019initiative mobilisera les gouvernements, les organisations internationales et les scientifiques et conduira des efforts cibl\u00e9s pour assurer la protection des tourbi\u00e8res qui contiennent presque 100 fois plus de carbone que les for\u00eats tropicales.<\/p>\n<p style=\"text-align: justify;\">\u2013 La Fondation Solar Impulse a lanc\u00e9 l\u2019<span style=\"color: #008000;\"><strong>Alliance mondiale pour les technologies propres<\/strong><\/span>\u00a0en h\u00e9ritage du premier tour du monde en avion solaire.<\/p>\n<p style=\"text-align: justify;\"><strong>Son objectif est de f\u00e9d\u00e9rer les principaux acteurs du secteur des technologies propres afin de faciliter des synergies, promouvoir des solutions rentables aux d\u00e9fis environnementaux et sanitaires les plus pressants<\/strong><\/p>\n<p style=\"text-align: justify;\">\u2013 Le premier v\u00e9hicule d\u2019investissement priv\u00e9 en adaptation et en r\u00e9silience, le Fonds d\u2019investissement de Marrakech pour l\u2019adaptation (MICA selon son sigle en anglais), est un fonds de 500 millions de dollars lanc\u00e9 en partenariat avec The Lightsmith Group (\u00c9tats-Unis), BeyA Capital (Afrique), et le FEM.<\/p>\n<p style=\"text-align: justify;\">\u2013 Sur les quatre prochaines ann\u00e9es\u00a0<span style=\"color: #008000;\"><strong><a style=\"color: #008000;\" href=\"http:\/\/pubdocs.worldbank.org\/en\/786701479174880983\/MENA-CAP-Nov-14-Final-Long-FRENCH.pdf\">Plan d\u2019action climatique pour la r\u00e9gion MENA<\/a><\/strong><\/span>vise \u00e0 quasiment doubler lapart doubler la part du financement de la Banque mondiale consacr\u00e9e \u00e0 l\u2019action climatique, ce qui la porterait \u00e0 environ 1,5 milliard de dollars par an d\u2019ici 2020.<\/p>\n<p style=\"text-align: justify;\"><span style=\"color: #008000;\"><strong><a style=\"color: #008000;\" href=\"http:\/\/unfccc.int\/paris_agreement\/items\/9951.php\"><strong>Action mondiale pour le climat<\/strong><\/a><\/strong><\/span><\/p>\n<p style=\"text-align: justify;\">D\u2019autres annonces impressionnantes ont \u00e9t\u00e9 faites par les villes, les gouvernements infranationaux, les investisseurs et les entreprises dans le cadre de l\u2019action mondiale pour le climat men\u00e9e par les Champions pour le climat, Laurence Tubiana et Hakima El Ha\u00eft\u00e9.<\/p>\n<p style=\"text-align: justify;\">\u00ab\u00a0Par le biais de notre mandat de Championnes, nous avons renforc\u00e9 la participation des acteurs non \u00e9tatiques en encourageant une s\u00e9rie d\u2019initiatives, tant individuelles que coop\u00e9ratives. Le changement vers un avenir bas carbone et \u00e0 une civilisation r\u00e9siliente est quelque chose qui est irr\u00e9versible\u00a0\u00bb, a d\u00e9clar\u00e9 la championne pour le climat Laurence Tubiana.<\/p>\n<p style=\"text-align: justify;\">Les Championnes de haut niveau pour le climat ont lanc\u00e9 le\u00a0<span style=\"color: #008000;\"><a style=\"color: #008000;\" href=\"http:\/\/unfccc.int\/files\/paris_agreement\/application\/pdf\/marrakech_partnership_for_global_climate_action.pdf\"><strong>Partenariat de Marrakech pour l\u2019action mondiale en faveur du clima<\/strong>t<\/a>\u00a0<\/span>afin de fournir une feuille de route solide sur la mani\u00e8re dont le processus de la CCNUCC catalysera et appuiera l\u2019action climatique par les Parties et les parties prenantes non Parties au cours de la p\u00e9riode 2017-2020.<\/p>\n<p style=\"text-align: justify;\">Les annonces relatives aux \u00e9v\u00e9nements du Programme de l\u2019Action mondiale pour le climat de la COP22 comprennent\u00a0:<\/p>\n<p style=\"text-align: justify;\">\u2013 19 autorit\u00e9s et \u00e9changes de march\u00e9s de capitaux africains, repr\u00e9sentant 26 pays africains, ont sign\u00e9 et approuv\u00e9\u00a0<span style=\"color: #008000;\"><strong>l\u2019Engagement de Marrakech pour l\u2019encouragement des march\u00e9s de capitaux verts en Afrique<\/strong><\/span>.<\/p>\n<p style=\"text-align: justify;\">\u2013 La Commission de l\u2019Union europ\u00e9enne a lanc\u00e9\u00a0<span style=\"color: #008000;\"><strong>le Fonds europ\u00e9en pour le d\u00e9veloppement durable<\/strong><\/span>\u00a0afin d\u2019encourager les investissements en Afrique et dans le voisinage de l\u2019UE pour renforcer les partenariats et atteindre les objectifs de d\u00e9veloppement durable. Le plan implique :<\/p>\n<p style=\"text-align: justify;\">Une valeur allant jusqu\u2019\u00e0 4.1 milliards d\u2019euros, entra\u00eenant un investissement r\u00e9gional public et priv\u00e9 allant jusqu\u2019\u00e0 44 milliards d\u2019euros d\u2019ici 2020.<\/p>\n<p style=\"text-align: justify;\">Une assistance technique pour aider les collectivit\u00e9s locales et les entreprises \u00e0 d\u00e9velopper des projets bancables et \u00e0 am\u00e9liorer les cadres de r\u00e8gles dans les pays partenaires.<\/p>\n<p style=\"text-align: justify;\">Une am\u00e9lioration du domaine des affaires en g\u00e9n\u00e9ral par le soutien de r\u00e9formes de la gouvernance \u00e9conomique.<\/p>\n<p style=\"text-align: justify;\"><span style=\"color: #008000;\"><strong><a style=\"color: #008000;\" href=\"http:\/\/climateaction.unfccc.int\/event-calendar\/events\/cop22-gca-industry-business\/\"><em>Action pour le climat au sein des entreprises<\/em><\/a><\/strong><\/span><\/p>\n<p style=\"text-align: justify;\">\u2013 Le nombre d\u2019entreprises qui prennent des engagements climatiques par le biais de la coalition\u00a0<span style=\"color: #008000;\"><strong>We Mean Business<\/strong>a<\/span> plus que doubl\u00e9 depuis la COP21.<\/p>\n<p style=\"text-align: justify;\">We Mean Business a annonc\u00e9 qu\u2019au total, 471 entreprises ayant une capitalisation boursi\u00e8re de plus de 8 mille milliards de dollars ont entrepris plus d\u2019un millier d\u2019engagements ambitieux en faveur de l\u2019action climatique.<\/p>\n<p style=\"text-align: justify;\">Ces entreprises repr\u00e9sentent tous les secteurs mondiaux et couvrent toutes les r\u00e9gions g\u00e9ographiques du globe.<\/p>\n<p style=\"text-align: justify;\">\u2013 L\u2019initiative<strong>\u00a0<\/strong><span style=\"color: #008000;\"><strong>Science Based Targets<\/strong><\/span>\u00a0continue son remarquable essor depuis Paris. \u00c0 ce jour, pr\u00e8s de 200 entreprises ont rejoint l\u2019initiative et, au cours de l\u2019ann\u00e9e \u00e9coul\u00e9e, sa croissance s\u2019est \u00e9lev\u00e9e \u00e0 plus de deux nouvelles entreprises par semaine.<\/p>\n<p style=\"text-align: justify;\"><span style=\"color: #008000;\"><strong><a style=\"color: #008000;\" href=\"http:\/\/climateaction.unfccc.int\/event-calendar\/events\/cop22-gca-energy\/\"><em>\u00c9nergie<\/em><\/a><\/strong><\/span><\/p>\n<p style=\"text-align: justify;\">\u2013 \u00c0 la COP22, la soci\u00e9t\u00e9 indienne Dalmia Cement et le groupe d\u2019assurance Helvetia se sont engag\u00e9s \u00e0 utiliser 100% d\u2019\u00e9nergie renouvelable dans leurs activit\u00e9s et \u00e0 rejoindre RE100, initiative mondiale qui collabore avec plus de 80 des soci\u00e9t\u00e9s les plus influentes au monde.<\/p>\n<p style=\"text-align: justify;\">\u2013 Philips Lighting et Swiss Re se sont engag\u00e9s \u00e0 doubler leur productivit\u00e9 \u00e9nerg\u00e9tique et \u00e0 rejoindre EP100, une campagne mondiale qui travaille avec les entreprises afin de maximiser les avantages \u00e9conomiques de chaque unit\u00e9 d\u2019\u00e9nergie consomm\u00e9e.<\/p>\n<p style=\"text-align: justify;\">\u2013 Une nouvelle initiative men\u00e9e par le secteur priv\u00e9, la Renewable Energy Buyers Alliance (REBA) a \u00e9t\u00e9 annonc\u00e9e. REBA \u00e9tablit des liens entre la demande d\u2019\u00e9lectricit\u00e9 des entreprises et l\u2019approvisionnement en \u00e9nergie renouvelable.<\/p>\n<p style=\"text-align: justify;\"><span style=\"color: #008000;\"><strong><a style=\"color: #008000;\" href=\"http:\/\/climateaction.unfccc.int\/event-calendar\/events\/cop22-gca-cities-human-settlements-buildings\/\"><em>Les villes<\/em><\/a><\/strong><\/span><\/p>\n<p style=\"text-align: justify;\">\u2013 Les villes, les communes et les r\u00e9gions entra\u00eenent des r\u00e9percussions importantes par la mise en \u0153uvre de leurs engagements en mati\u00e8re de climat, en agissant localement et en formant des partenariats \u00e0 l\u2019\u00e9chelle mondiale.<\/p>\n<p style=\"text-align: justify;\">\u2013 Un nouvel outil d\u2019\u00e9valuation pr\u00e9sent\u00e9 au cours de l\u2019\u00e9v\u00e9nement sur la r\u00e9silience permettra d\u2019\u00e9tablir des rapports qualitatifs normalis\u00e9s \u00e0 la\u00a0<span style=\"color: #008000;\"><a style=\"color: #008000;\" href=\"http:\/\/climateaction.unfccc.int\/event-calendar\/events\/cop22-gca-cities-human-settlements-resilience-in-cities\/\">Convention mondiale des maires\u00a0sur les engagements relatifs \u00e0 l\u2019adaptation<\/a>.<\/span><\/p>\n<p style=\"text-align: justify;\"><span style=\"color: #008000;\"><strong><a style=\"color: #008000;\" href=\"http:\/\/climateaction.unfccc.int\/event-calendar\/events\/cop22-gca-forests\/\"><em>For\u00eats<\/em><\/a><\/strong><\/span><\/p>\n<p style=\"text-align: justify;\">\u2013 Le gouvernement indon\u00e9sien a annonc\u00e9 qu\u2019il est en train de mettre en \u0153uvre un moratoire sur la conservation des tourbi\u00e8res encore intactes et qui contiennent d\u2019importants stocks de carbone. La mesure annonc\u00e9e aujourd\u2019hui s\u2019ajoute \u00e0 l\u2019annonce faite par le pr\u00e9sident indon\u00e9sien Joko Widodo lors de la Journ\u00e9e d\u2019Action pour les For\u00eats de l\u2019ann\u00e9e derni\u00e8re \u00e0 Paris, de mettre fin aux nouvelles concessions de tourbi\u00e8res existantes, et d\u2019examiner les existantes.<\/p>\n<p style=\"text-align: justify;\">\u2013 La Colombie a annonc\u00e9 son plan de fermer la fronti\u00e8re foresti\u00e8re, \u00e9l\u00e9ment cl\u00e9 d\u2019un futur post-conflit. Les efforts portent notamment sur le d\u00e9veloppement des terres non foresti\u00e8res, la mise en \u0153uvre d\u2019une r\u00e9forme fonci\u00e8re solide et le placement de vastes \u00e9tendues de for\u00eat sous le contr\u00f4le des peuples autochtones.<\/p>\n<p style=\"text-align: justify;\">\u2013 Un nouveau partenariat entre la FAO et Google a cr\u00e9\u00e9 \u201c<span style=\"color: #008000;\"><strong>Collect Earth<\/strong><\/span>\u201d, un outil open source qui permet d\u2019acc\u00e9der \u00e0 de vastes collections d\u2019images satellitaires gratuites et \u00e0 haute r\u00e9solution et de cloud computing.<\/p>\n<p style=\"text-align: justify;\"><span style=\"color: #008000;\"><strong><a style=\"color: #008000;\" href=\"http:\/\/climateaction.unfccc.int\/event-calendar\/events\/cop22-gca-water\/\"><em>L\u2019eau<\/em><\/a><\/strong><\/span><\/p>\n<p style=\"text-align: justify;\">\u2013 L\u2019initiative\u00a0<strong>De l\u2019eau pour l\u2019Afrique<\/strong>, mise en place par le Royaume du Maroc et soutenue par la Banque africaine de d\u00e9veloppement a \u00e9t\u00e9 lanc\u00e9e \u00e0 la COP22, dans le but de \u00e0 rendre justice \u00e0 l\u2019Afrique par l\u2019adoption d\u2019un plan d\u2019action sp\u00e9cifique qui mobilisera diff\u00e9rents partenaires politiques, financiers et institutionnels internationaux.<\/p>\n<p style=\"text-align: justify;\">\u2013 Les trois alliances pour les bassins, les m\u00e9galopoles et les entreprises, cr\u00e9\u00e9es \u00e0 la COP21 \u00e0 Paris et fortement engag\u00e9es dans l\u2019action sur l\u2019eau et le climat, qui repr\u00e9sentent aujourd\u2019hui plus de 450 organisations au travers du monde, ont sign\u00e9 un engagement commun \u00e0 mobiliser conjointement leurs partenaires, \u00e0 identifier et diffuser les bonnes pratiques et \u00e0 soutenir le d\u00e9veloppement de nouveaux projets.<\/p>\n<p style=\"text-align: justify;\"><span style=\"color: #008000;\"><strong><a style=\"color: #008000;\" href=\"http:\/\/climateaction.unfccc.int\/event-calendar\/events\/cop22-gca-transport\/\"><em>Transports<\/em><\/a><\/strong><\/span><\/p>\n<p style=\"text-align: justify;\">\u2013 La\u00a0<strong>Global Fuel Economy Initiative<\/strong>\u00a0(GFEI), qui soutient 40 pays suppl\u00e9mentaires dans la r\u00e9alisation des b\u00e9n\u00e9fices financiers et de CO<sub>2<\/sub><sub>\u00a0<\/sub>provenant de l\u2019efficacit\u00e9 accrue des carburants pour v\u00e9hicules.<\/p>\n<p style=\"text-align: justify;\">\u2013 Le\u00a0<strong>Airport Carbon Accreditation<\/strong>\u00a0<strong>Scheme<\/strong>\u00a0compte d\u00e9sormais 173 a\u00e9roports certifi\u00e9s dans le monde, dont 26 a\u00e9roports d\u00e9j\u00e0 neutres en carbone. 36% des passagers passent maintenant par un a\u00e9roport certifi\u00e9.<\/p>\n<p style=\"text-align: justify;\">\u2013 L\u2019initiative\u00a0<strong>MobiliseYourCity<\/strong>\u00a0a obtenu un financement de 35 millions d\u2019euros au cours des 12 derniers mois et saisit l\u2019occasion de la COP22 pour annoncer la mise en place de Plans de mobilit\u00e9 urbaine durable au Maroc et au Cameroun.<\/p>\n<p style=\"text-align: justify;\"><span style=\"color: #008000;\"><strong><a style=\"color: #008000;\" href=\"http:\/\/climateaction.unfccc.int\/event-calendar\/events\/cop22-gca-oceans\/\"><em>Oc\u00e9ans<\/em><\/a><\/strong><\/span><\/p>\n<p style=\"text-align: justify;\">\u2013 Le Royaume du Maroc a annonc\u00e9 son\u00a0<strong>Initiative Ceinture Bleue<\/strong>\u00a0qui vise \u00e0 construire la r\u00e9silience des communaut\u00e9s c\u00f4ti\u00e8res et \u00e0 promouvoir une p\u00eache et une aquaculture durables conform\u00e9ment aux attentes de l\u2019Objectif 14 de d\u00e9veloppement durable.<\/p>\n<p style=\"text-align: justify;\">\u2013 L\u2019Organisation des Nations Unies pour l\u2019alimentation et l\u2019agriculture (FAO), la Banque mondiale et la Banque africaine de d\u00e9veloppement (BAD) ont annonc\u00e9 leur initiative baptis\u00e9e\u00a0<strong>African Package for Climate-Resilient Ocean Economies,<\/strong>\u00a0ensemble ambitieux d\u2019assistance technique et financi\u00e8re pour soutenir les \u00e9conomies vivant de l\u2019oc\u00e9an en Afrique et renforcer la r\u00e9silience au changement climatique des zones c\u00f4ti\u00e8res.<\/p>\n<p style=\"text-align: justify;\">\u2013 Les partenaires de la COP22 pour l\u2019action sur les oc\u00e9ans ont publi\u00e9 une\u00a0<strong>feuille de route strat\u00e9gique pour des mesures en faveur des oc\u00e9ans et du climat de 2016 \u00e0 2021<\/strong>, qui propose une vision de l\u2019action sur les oc\u00e9ans et le climat au cours des cinq prochaines ann\u00e9es pour six oc\u00e9ans.<\/p>\n<p style=\"text-align: justify;\"><span style=\"color: #008000;\"><strong><a style=\"color: #008000;\" href=\"http:\/\/climateaction.unfccc.int\/event-calendar\/events\/cop22-gca-agriculture-and-food-security\/\"><em>Agriculture<\/em><\/a><\/strong><\/span><\/p>\n<p style=\"text-align: justify;\">\u2013 Le lancement de l\u2019initiative\u00a0<strong>Adaptation de l\u2019agriculture africaine<\/strong>\u00a0vise \u00e0 renforcer la r\u00e9silience des agriculteurs africains en promouvant une gestion durable des sols, une meilleure gestion de l\u2019eau et une gestion des risques en m\u00eame temps qu\u2019un d\u00e9veloppement personnalis\u00e9 des capacit\u00e9s, de politiques et de m\u00e9canismes de financement.<\/p>\n<p style=\"text-align: justify;\">\u2013 Le lancement du\u00a0<strong>Cadre mondial sur la p\u00e9nurie d\u2019eau<\/strong>\u00a0aide les pays \u00e0 int\u00e9grer le changement climatique et l\u2019utilisation durable de l\u2019eau dans les politiques des secteurs agricoles et le dialogue intersectoriel.<\/p>\n<p style=\"text-align: justify;\">\u2013 130 maires de villes du monde entier ont sign\u00e9 le Pacte de Milan sur les politiques alimentaires urbaines, qui appelle \u00e0 des syst\u00e8mes alimentaires durables qui favorisent l\u2019acc\u00e8s \u00e0 des aliments sains pour les citadins, la protection de la biodiversit\u00e9 et la r\u00e9duction des d\u00e9chets alimentaires.<\/p>\n<p style=\"text-align: justify;\"><em><strong>Source<\/strong> <\/em>:<span style=\"color: #008000;\"><a href=\"http:\/\/cop22.ma\/fr\">\u00a0<span style=\"color: #008000;\">www.cop22.ma<\/span><\/a><\/span><\/p>\n<p style=\"text-align: justify;\">\n","protected":false},"excerpt":{"rendered":"<p>Ouverte du 7 au 18 novembre 2016 \u00e0 Marrakech, la 22e conf\u00e9rence des parties de Convention-cadre des Nations Unies sur les changements climatiques (COP22) a r\u00e9uni pr\u00e8s de 20 000 personnes dont \u00a0environ 500 Chefs d&rsquo;Etats ou de gouvernements et ministres. Elle a \u00e9galement accueilli la premi\u00e8re r\u00e9union du principal organe de direction de l&rsquo;Accord [&hellip;]<\/p>\n","protected":false},"author":2,"featured_media":1010,"comment_status":"open","ping_status":"open","sticky":false,"template":"","format":"standard","meta":{"ec_post_video":""},"categories":[372],"tags":[317,327,11,302,13,300,310],"odd":[],"_links":{"self":[{"href":"https:\/\/www.ecoconscience.tv\/api\/wp\/v2\/posts\/1009"}],"collection":[{"href":"https:\/\/www.ecoconscience.tv\/api\/wp\/v2\/posts"}],"about":[{"href":"https:\/\/www.ecoconscience.tv\/api\/wp\/v2\/types\/post"}],"author":[{"embeddable":true,"href":"https:\/\/www.ecoconscience.tv\/api\/wp\/v2\/users\/2"}],"replies":[{"embeddable":true,"href":"https:\/\/www.ecoconscience.tv\/api\/wp\/v2\/comments?post=1009"}],"version-history":[{"count":2,"href":"https:\/\/www.ecoconscience.tv\/api\/wp\/v2\/posts\/1009\/revisions"}],"predecessor-version":[{"id":1012,"href":"https:\/\/www.ecoconscience.tv\/api\/wp\/v2\/posts\/1009\/revisions\/1012"}],"wp:featuredmedia":[{"embeddable":true,"href":"https:\/\/www.ecoconscience.tv\/api\/wp\/v2\/media\/1010"}],"wp:attachment":[{"href":"https:\/\/www.ecoconscience.tv\/api\/wp\/v2\/media?parent=1009"}],"wp:term":[{"taxonomy":"category","embeddable":true,"href":"https:\/\/www.ecoconscience.tv\/api\/wp\/v2\/categories?post=1009"},{"taxonomy":"post_tag","embeddable":true,"href":"https:\/\/www.ecoconscience.tv\/api\/wp\/v2\/tags?post=1009"},{"taxonomy":"odd","embeddable":true,"href":"https:\/\/www.ecoconscience.tv\/api\/wp\/v2\/odd?post=1009"}],"curies":[{"name":"wp","href":"https:\/\/api.w.org\/{rel}","templated":true}]}}