{"id":1006,"date":"2016-11-18T20:03:48","date_gmt":"2016-11-18T20:03:48","guid":{"rendered":"https:\/\/www.ecoconscience.tv\/?p=1006"},"modified":"2016-11-19T00:04:40","modified_gmt":"2016-11-19T00:04:40","slug":"cop22-est-elle-la-fin-de-laction-ou-le-debut-de-laction","status":"publish","type":"post","link":"https:\/\/www.ecoconscience.tv\/cop22-est-elle-la-fin-de-laction-ou-le-debut-de-laction\/","title":{"rendered":"COP22 est-elle la fin de l&rsquo;action ou le d\u00e9but de l&rsquo;action ?"},"content":{"rendered":"<p style=\"text-align: justify;\"><span style=\"color: #808080;\">Ce 18 novembre au soir, le bilan de la COP de l&rsquo;ACTION est plus que mitig\u00e9. Les avis sont tr\u00e8s partag\u00e9s sur ce qui devait \u00eatre un formidable prolongement de l&rsquo;Accord de Paris.<\/span><\/p>\n<p style=\"text-align: justify;\">Les pays africains ont marqu\u00e9 \u00e0 la fois leur unit\u00e9, et leur pr\u00e9occupation sur les financements annonc\u00e9s. Bien que pour une grande partie d&rsquo;entre eux ils gardent l&rsquo;espoir de voir les choses \u00e9voluer dans les prochains mois, surtout en ce qui concerne les questions des \u00e9nergies renouvelables et de l&rsquo;adaptation aux changements climatiques. Le pas en arri\u00e8re marqu\u00e9 par l&rsquo;\u00e9lection de Donald Trump \u00e0 la Maison Blanche pose interrogation \u00e0 nombre de participants.<\/p>\n<p style=\"text-align: justify;\">Si l&rsquo;ensemble du continent \u00e9tait satisfait de voir cette conf\u00e9rence sur son territoire, il n&rsquo;en demeure pas moins que certains experts pointent du doigt le business qui semble se dessiner dans l&rsquo;organisation m\u00eame de ces conf\u00e9rences des parties sur les changements climatiques et se profiler dans l&rsquo;application des accords.<\/p>\n<p style=\"text-align: justify;\">Dans cet \u00e9l\u00e9ment, suivez les r\u00e9actions de quelques participants.<\/p>\n<p><strong><span style=\"color: #008000;\">ECO CONSCIENCE TV<\/span><\/strong><\/p>\n","protected":false},"excerpt":{"rendered":"<p>Ce 18 novembre au soir, le bilan de la COP de l&rsquo;ACTION est plus que mitig\u00e9. Les avis sont tr\u00e8s partag\u00e9s sur ce qui devait \u00eatre un formidable prolongement de l&rsquo;Accord de Paris. Les pays africains ont marqu\u00e9 \u00e0 la fois leur unit\u00e9, et leur pr\u00e9occupation sur les financements annonc\u00e9s. Bien que pour une grande [&hellip;]<\/p>\n","protected":false},"author":2,"featured_media":1008,"comment_status":"open","ping_status":"open","sticky":false,"template":"","format":"video","meta":{"ec_post_video":""},"categories":[372],"tags":[371,11,302,360,300],"odd":[],"_links":{"self":[{"href":"https:\/\/www.ecoconscience.tv\/api\/wp\/v2\/posts\/1006"}],"collection":[{"href":"https:\/\/www.ecoconscience.tv\/api\/wp\/v2\/posts"}],"about":[{"href":"https:\/\/www.ecoconscience.tv\/api\/wp\/v2\/types\/post"}],"author":[{"embeddable":true,"href":"https:\/\/www.ecoconscience.tv\/api\/wp\/v2\/users\/2"}],"replies":[{"embeddable":true,"href":"https:\/\/www.ecoconscience.tv\/api\/wp\/v2\/comments?post=1006"}],"version-history":[{"count":1,"href":"https:\/\/www.ecoconscience.tv\/api\/wp\/v2\/posts\/1006\/revisions"}],"predecessor-version":[{"id":1007,"href":"https:\/\/www.ecoconscience.tv\/api\/wp\/v2\/posts\/1006\/revisions\/1007"}],"wp:featuredmedia":[{"embeddable":true,"href":"https:\/\/www.ecoconscience.tv\/api\/wp\/v2\/media\/1008"}],"wp:attachment":[{"href":"https:\/\/www.ecoconscience.tv\/api\/wp\/v2\/media?parent=1006"}],"wp:term":[{"taxonomy":"category","embeddable":true,"href":"https:\/\/www.ecoconscience.tv\/api\/wp\/v2\/categories?post=1006"},{"taxonomy":"post_tag","embeddable":true,"href":"https:\/\/www.ecoconscience.tv\/api\/wp\/v2\/tags?post=1006"},{"taxonomy":"odd","embeddable":true,"href":"https:\/\/www.ecoconscience.tv\/api\/wp\/v2\/odd?post=1006"}],"curies":[{"name":"wp","href":"https:\/\/api.w.org\/{rel}","templated":true}]}}